{"id":13369,"date":"2024-05-30T10:00:53","date_gmt":"2024-05-30T10:00:53","guid":{"rendered":"https:\/\/www.outlying.works\/vitrine\/?p=13369"},"modified":"2024-05-30T15:09:52","modified_gmt":"2024-05-30T15:09:52","slug":"reconnaissance-faciale-et-vie-privee-dans-les-aeroports","status":"publish","type":"post","link":"https:\/\/www.outlying.works\/vitrine\/2024\/05\/30\/reconnaissance-faciale-et-vie-privee-dans-les-aeroports\/","title":{"rendered":"Reconnaissance faciale et vie priv\u00e9e dans les a\u00e9roports"},"content":{"rendered":"\t\t<div data-elementor-type=\"wp-post\" data-elementor-id=\"13369\" class=\"elementor elementor-13369\">\n\t\t\t\t\t\t<section class=\"elementor-section elementor-top-section elementor-element elementor-element-5d7be1b5 elementor-section-boxed elementor-section-height-default elementor-section-height-default\" data-id=\"5d7be1b5\" data-element_type=\"section\">\n\t\t\t\t\t\t<div class=\"elementor-container elementor-column-gap-default\">\n\t\t\t\t\t<div class=\"elementor-column elementor-col-100 elementor-top-column elementor-element elementor-element-48ad6f8\" data-id=\"48ad6f8\" data-element_type=\"column\">\n\t\t\t<div class=\"elementor-widget-wrap elementor-element-populated\">\n\t\t\t\t\t\t<div class=\"elementor-element elementor-element-4f687ecc elementor-widget elementor-widget-text-editor\" data-id=\"4f687ecc\" data-element_type=\"widget\" data-widget_type=\"text-editor.default\">\n\t\t\t\t<div class=\"elementor-widget-container\">\n\t\t\t\t\t\t\t<p>La technologie de reconnaissance faciale est de plus en plus pr\u00e9sente dans les a\u00e9roports du monde entier. Elle permet d\u2019automatiser les contr\u00f4les de s\u00e9curit\u00e9, rendant le processus plus fluide pour les voyageurs. N\u00e9anmoins, cette technologie soul\u00e8ve des questions cruciales en mati\u00e8re de protection des donn\u00e9es et de respect de la vie priv\u00e9e.<\/p>\n<h2><strong>L\u2019augmentation de l\u2019utilisation de la reconnaissance faciale<\/strong><\/h2>\n<p>La CNIL a observ\u00e9 une utilisation croissante de la reconnaissance faciale dans les a\u00e9roports, tant en France qu\u2019\u00e0 l\u2019international. Par exemple, Paris A\u00e9roport teste cette technologie pour am\u00e9liorer l\u2019exp\u00e9rience des voyageurs.&nbsp;<\/p>\n<p>Par ailleurs, aux \u00c9tats-Unis, la TSA a d\u00e9j\u00e0 d\u00e9ploy\u00e9 la reconnaissance faciale dans 84 a\u00e9roports et pr\u00e9voit de l\u2019\u00e9tendre \u00e0 430 a\u00e9roports nationaux, illustrant ainsi l\u2019adoption rapide de cette technologie \u00e0 travers le monde. La CNIL a soulign\u00e9 l\u2019importance d\u2019encadrer cette utilisation croissante pour \u00e9viter les d\u00e9rives potentielles.<\/p>\n<h2><strong>Les d\u00e9fis de la protection des donn\u00e9es et de la vie priv\u00e9e<\/strong><\/h2>\n<p>Les donn\u00e9es biom\u00e9triques, comme les traits du visage, utilis\u00e9es pour la reconnaissance faciale, sont particuli\u00e8rement sensibles. Leur traitement peut pr\u00e9senter des risques significatifs pour les individus. Si une compromission survient, on ne peut pas modifier les donn\u00e9es biom\u00e9triques, contrairement \u00e0 un mot de passe. Donc, si quelqu\u2019un vole ou utilise mal ces donn\u00e9es, les cons\u00e9quences peuvent \u00eatre durables et potentiellement graves.<\/p>\n<p>De plus, l\u2019utilisation de la reconnaissance faciale peut avoir des cons\u00e9quences n\u00e9gatives sur la vie priv\u00e9e, notamment en permettant une surveillance de masse et en cr\u00e9ant des possibilit\u00e9s d\u2019abus par les autorit\u00e9s. Pour att\u00e9nuer ces risques, il est possible d&#8217;envisager plusieurs mesures, comme par exemple; limiter les usages autoris\u00e9s, imposer la transparence et le consentement pr\u00e9alable, ou mettre en place des m\u00e9canismes de contr\u00f4le ind\u00e9pendants.<\/p>\n<h2><strong>L\u2019opinion d\u00e9taill\u00e9e du CEPD sur l\u2019utilisation de la reconnaissance faciale dans les a\u00e9roports<\/strong><\/h2>\n<p>Le 24 mai 2024, le Comit\u00e9 europ\u00e9en de la protection des donn\u00e9es (CEPD) a tenu une session pl\u00e9ni\u00e8re au cours de laquelle il a adopt\u00e9 un avis sur l\u2019utilisation des technologies de reconnaissance faciale par les exploitants d\u2019a\u00e9roports et les compagnies a\u00e9riennes. Un avis adopt\u00e9 dans le but de rationaliser le flux de passagers dans les a\u00e9roports.<\/p>\n<p>Le CEPD a soulign\u00e9 que les donn\u00e9es biom\u00e9triques, qui comprennent les traits du visage utilis\u00e9s pour la reconnaissance faciale, sont des donn\u00e9es particuli\u00e8rement sensibles. Leur traitement peut entra\u00eener des risques importants pour les individus. Contrairement \u00e0 un mot de passe, les donn\u00e9es biom\u00e9triques ne peuvent pas \u00eatre modifi\u00e9es en cas de compromission.<\/p>\n<p>Dans son avis, le CEPD a analys\u00e9 la compatibilit\u00e9 du traitement de donn\u00e9es biom\u00e9triques avec certains principes du r\u00e8glement g\u00e9n\u00e9ral sur la protection des donn\u00e9es (RGPD), tels que la dur\u00e9e limit\u00e9e de conservation, la protection des donn\u00e9es d\u00e8s la conception et par d\u00e9faut, ainsi que la s\u00e9curit\u00e9 du traitement.<\/p>\n<p>Pour le stockage des donn\u00e9es biom\u00e9triques, le CEPD a envisag\u00e9 plusieurs options. Il a conclu que les solutions o\u00f9 les donn\u00e9es biom\u00e9triques restent sous la supervision de l\u2019individu concern\u00e9 sont les plus compatibles avec les principes \u00e9tablis. Il est possible de r\u00e9aliser cela, en stockant les donn\u00e9es sur un dispositif personnel, comme un t\u00e9l\u00e9phone, ou dans une base de donn\u00e9es centrale. Cette base de donn\u00e9es doit \u00eatre prot\u00e9g\u00e9 par une cl\u00e9 de cryptage uniquement accessible \u00e0 l\u2019individu.<\/p>\n<h2>Conclusion<\/h2>\n<p>Il est important de noter que l\u2019avis du CEPD a une port\u00e9e limit\u00e9e et n\u2019examine pas l\u2019utilisation de la reconnaissance faciale en g\u00e9n\u00e9ral. En particulier, il ne couvre pas l\u2019utilisation de la reconnaissance faciale \u00e0 des fins de s\u00e9curit\u00e9, de contr\u00f4le des fronti\u00e8res ou par les services r\u00e9pressifs.<br><\/p><p>Finalement, la reconnaissance faciale dans les a\u00e9roports est une avanc\u00e9e technologique qui offre de nombreux avantages, mais elle soul\u00e8ve de nombreuses questions en mati\u00e8re de protection des donn\u00e9es et de respect de la vie priv\u00e9e.&nbsp;&nbsp;<\/p>\n<p>Il est donc essentiel de mettre en place des mesures pour garantir le respect de ces principes. De plus, nous devons continuer \u00e0 analyser et \u00e0 surveiller l\u2019\u00e9volution de cette technologie pour garantir son utilisation de mani\u00e8re \u00e9thique et responsable<\/p>\n<p><em><strong>Avis du CEPD (Comit\u00e9 Europ\u00e9en de la Protection des Donn\u00e9es):<\/strong> <a href=\"https:\/\/www.edpb.europa.eu\/news\/news\/2024\/facial-recognition-airports-individuals-should-have-maximum-control-over-biometric_fr\">Reconnaissance faciale dans les a\u00e9roports: les personnes devraient avoir un contr\u00f4le maximal sur les donn\u00e9es biom\u00e9triques<\/a>&nbsp;<\/em><\/p>\t\t\t\t\t\t<\/div>\n\t\t\t\t<\/div>\n\t\t\t\t\t<\/div>\n\t\t<\/div>\n\t\t\t\t\t<\/div>\n\t\t<\/section>\n\t\t\t\t<\/div>\n\t\t","protected":false},"excerpt":{"rendered":"<p>La technologie de reconnaissance faciale est de plus en plus pr\u00e9sente dans les a\u00e9roports du monde entier. Elle permet d\u2019automatiser les contr\u00f4les de s\u00e9curit\u00e9, rendant le processus plus fluide pour les voyageurs. N\u00e9anmoins, cette technologie soul\u00e8ve des questions cruciales en mati\u00e8re de protection des donn\u00e9es et de respect de la vie priv\u00e9e. L\u2019augmentation de l\u2019utilisation de la reconnaissance faciale La CNIL a observ\u00e9 une utilisation croissante de la reconnaissance faciale dans les a\u00e9roports, tant en France qu\u2019\u00e0 l\u2019international. Par exemple, Paris A\u00e9roport teste cette technologie pour am\u00e9liorer l\u2019exp\u00e9rience des voyageurs. Par ailleurs, aux \u00c9tats-Unis, la TSA a d\u00e9j\u00e0 d\u00e9ploy\u00e9 la<\/p>\n","protected":false},"author":1,"featured_media":13388,"comment_status":"closed","ping_status":"open","sticky":false,"template":"","format":"standard","meta":{"pagelayer_contact_templates":[],"_pagelayer_content":"","two_page_speed":[],"footnotes":""},"categories":[7],"tags":[627,619,623,622,626,624,625,534,42,618,43,620,212,621,213],"class_list":["post-13369","post","type-post","status-publish","format-standard","has-post-thumbnail","hentry","category-cat_technologie","tag-aeroport-de-paris","tag-aeroports","tag-cepd","tag-cnil","tag-controle-biometrique","tag-experience-de-voyage","tag-flux-de-passagers","tag-innovation-technologique","tag-protection-des-donnees","tag-reconnaissance-faciale","tag-rgpd","tag-securite-aeroportuaire","tag-securite-des-donnees","tag-technologie-biometrique","tag-vie-privee"],"yoast_head":"<!-- This site is optimized with the Yoast SEO plugin v25.2 - https:\/\/yoast.com\/wordpress\/plugins\/seo\/ -->\n<title>Reconnaissance faciale et vie priv\u00e9e dans les a\u00e9roports - Vitrine outlYing<\/title>\n<meta name=\"description\" content=\"Explorez l\u2019impact de la technologie de reconnaissance faciale dans les a\u00e9roports sur la vie priv\u00e9e et la protection des donn\u00e9es.\" \/>\n<meta name=\"robots\" content=\"index, follow, max-snippet:-1, max-image-preview:large, max-video-preview:-1\" \/>\n<link rel=\"canonical\" href=\"https:\/\/www.outlying.works\/vitrine\/2024\/05\/30\/reconnaissance-faciale-et-vie-privee-dans-les-aeroports\/\" \/>\n<meta property=\"og:locale\" content=\"fr_FR\" \/>\n<meta property=\"og:type\" content=\"article\" \/>\n<meta property=\"og:title\" content=\"Reconnaissance faciale et vie priv\u00e9e dans les a\u00e9roports - Vitrine outlYing\" \/>\n<meta property=\"og:description\" content=\"Explorez l\u2019impact de la technologie de reconnaissance faciale dans les a\u00e9roports sur la vie priv\u00e9e et la protection des donn\u00e9es.\" \/>\n<meta property=\"og:url\" content=\"https:\/\/www.outlying.works\/vitrine\/2024\/05\/30\/reconnaissance-faciale-et-vie-privee-dans-les-aeroports\/\" \/>\n<meta property=\"og:site_name\" content=\"Vitrine outlYing\" \/>\n<meta property=\"article:published_time\" content=\"2024-05-30T10:00:53+00:00\" \/>\n<meta property=\"article:modified_time\" content=\"2024-05-30T15:09:52+00:00\" \/>\n<meta property=\"og:image\" content=\"https:\/\/www.outlying.works\/vitrine\/wp-content\/uploads\/2024\/05\/Design-sans-titre-1.png\" \/>\n\t<meta property=\"og:image:width\" content=\"1024\" \/>\n\t<meta property=\"og:image:height\" content=\"1024\" \/>\n\t<meta property=\"og:image:type\" content=\"image\/png\" \/>\n<meta name=\"author\" content=\"outlying\" \/>\n<meta name=\"twitter:card\" content=\"summary_large_image\" \/>\n<meta name=\"twitter:label1\" content=\"\u00c9crit par\" \/>\n\t<meta name=\"twitter:data1\" content=\"outlying\" \/>\n\t<meta name=\"twitter:label2\" content=\"Dur\u00e9e de lecture estim\u00e9e\" \/>\n\t<meta name=\"twitter:data2\" content=\"4 minutes\" \/>\n<script type=\"application\/ld+json\" class=\"yoast-schema-graph\">{\"@context\":\"https:\/\/schema.org\",\"@graph\":[{\"@type\":\"Article\",\"@id\":\"https:\/\/www.outlying.works\/vitrine\/2024\/05\/30\/reconnaissance-faciale-et-vie-privee-dans-les-aeroports\/#article\",\"isPartOf\":{\"@id\":\"https:\/\/www.outlying.works\/vitrine\/2024\/05\/30\/reconnaissance-faciale-et-vie-privee-dans-les-aeroports\/\"},\"author\":{\"name\":\"outlying\",\"@id\":\"https:\/\/www.outlying.works\/vitrine\/#\/schema\/person\/5f4c0c6776ffaa3d4422b43480d5e1e8\"},\"headline\":\"Reconnaissance faciale et vie priv\u00e9e dans les a\u00e9roports\",\"datePublished\":\"2024-05-30T10:00:53+00:00\",\"dateModified\":\"2024-05-30T15:09:52+00:00\",\"mainEntityOfPage\":{\"@id\":\"https:\/\/www.outlying.works\/vitrine\/2024\/05\/30\/reconnaissance-faciale-et-vie-privee-dans-les-aeroports\/\"},\"wordCount\":802,\"publisher\":{\"@id\":\"https:\/\/www.outlying.works\/vitrine\/#organization\"},\"image\":{\"@id\":\"https:\/\/www.outlying.works\/vitrine\/2024\/05\/30\/reconnaissance-faciale-et-vie-privee-dans-les-aeroports\/#primaryimage\"},\"thumbnailUrl\":\"https:\/\/www.outlying.works\/vitrine\/wp-content\/uploads\/2024\/05\/Design-sans-titre-1.png\",\"keywords\":[\"A\u00e9roport de Paris\",\"A\u00e9roports\",\"CEPD\",\"CNIL\",\"Contr\u00f4le biom\u00e9trique\",\"Exp\u00e9rience de voyage\",\"Flux de passagers\",\"Innovation technologique\",\"protection des donn\u00e9es\",\"Reconnaissance faciale\",\"rgpd\",\"S\u00e9curit\u00e9 a\u00e9roportuaire\",\"S\u00e9curit\u00e9 des donn\u00e9es\",\"Technologie biom\u00e9trique\",\"Vie priv\u00e9e\"],\"articleSection\":[\"Technologies de l'information\"],\"inLanguage\":\"fr-FR\"},{\"@type\":\"WebPage\",\"@id\":\"https:\/\/www.outlying.works\/vitrine\/2024\/05\/30\/reconnaissance-faciale-et-vie-privee-dans-les-aeroports\/\",\"url\":\"https:\/\/www.outlying.works\/vitrine\/2024\/05\/30\/reconnaissance-faciale-et-vie-privee-dans-les-aeroports\/\",\"name\":\"Reconnaissance faciale et vie priv\u00e9e dans les a\u00e9roports - Vitrine outlYing\",\"isPartOf\":{\"@id\":\"https:\/\/www.outlying.works\/vitrine\/#website\"},\"primaryImageOfPage\":{\"@id\":\"https:\/\/www.outlying.works\/vitrine\/2024\/05\/30\/reconnaissance-faciale-et-vie-privee-dans-les-aeroports\/#primaryimage\"},\"image\":{\"@id\":\"https:\/\/www.outlying.works\/vitrine\/2024\/05\/30\/reconnaissance-faciale-et-vie-privee-dans-les-aeroports\/#primaryimage\"},\"thumbnailUrl\":\"https:\/\/www.outlying.works\/vitrine\/wp-content\/uploads\/2024\/05\/Design-sans-titre-1.png\",\"datePublished\":\"2024-05-30T10:00:53+00:00\",\"dateModified\":\"2024-05-30T15:09:52+00:00\",\"description\":\"Explorez l\u2019impact de la technologie de reconnaissance faciale dans les a\u00e9roports sur la vie priv\u00e9e et la protection des donn\u00e9es.\",\"breadcrumb\":{\"@id\":\"https:\/\/www.outlying.works\/vitrine\/2024\/05\/30\/reconnaissance-faciale-et-vie-privee-dans-les-aeroports\/#breadcrumb\"},\"inLanguage\":\"fr-FR\",\"potentialAction\":[{\"@type\":\"ReadAction\",\"target\":[\"https:\/\/www.outlying.works\/vitrine\/2024\/05\/30\/reconnaissance-faciale-et-vie-privee-dans-les-aeroports\/\"]}]},{\"@type\":\"ImageObject\",\"inLanguage\":\"fr-FR\",\"@id\":\"https:\/\/www.outlying.works\/vitrine\/2024\/05\/30\/reconnaissance-faciale-et-vie-privee-dans-les-aeroports\/#primaryimage\",\"url\":\"https:\/\/www.outlying.works\/vitrine\/wp-content\/uploads\/2024\/05\/Design-sans-titre-1.png\",\"contentUrl\":\"https:\/\/www.outlying.works\/vitrine\/wp-content\/uploads\/2024\/05\/Design-sans-titre-1.png\",\"width\":1024,\"height\":1024,\"caption\":\"Reconnaissance faciale dans les a\u00e9roports : un \u00e9quilibre entre s\u00e9curit\u00e9, efficacit\u00e9 et respect de la vie priv\u00e9e\"},{\"@type\":\"BreadcrumbList\",\"@id\":\"https:\/\/www.outlying.works\/vitrine\/2024\/05\/30\/reconnaissance-faciale-et-vie-privee-dans-les-aeroports\/#breadcrumb\",\"itemListElement\":[{\"@type\":\"ListItem\",\"position\":1,\"name\":\"Accueil\",\"item\":\"https:\/\/www.outlying.works\/vitrine\/\"},{\"@type\":\"ListItem\",\"position\":2,\"name\":\"Reconnaissance faciale et vie priv\u00e9e dans les a\u00e9roports\"}]},{\"@type\":\"WebSite\",\"@id\":\"https:\/\/www.outlying.works\/vitrine\/#website\",\"url\":\"https:\/\/www.outlying.works\/vitrine\/\",\"name\":\"Vitrine outlYing\",\"description\":\"Site vitrine de outlYing SUARL\",\"publisher\":{\"@id\":\"https:\/\/www.outlying.works\/vitrine\/#organization\"},\"potentialAction\":[{\"@type\":\"SearchAction\",\"target\":{\"@type\":\"EntryPoint\",\"urlTemplate\":\"https:\/\/www.outlying.works\/vitrine\/?s={search_term_string}\"},\"query-input\":{\"@type\":\"PropertyValueSpecification\",\"valueRequired\":true,\"valueName\":\"search_term_string\"}}],\"inLanguage\":\"fr-FR\"},{\"@type\":\"Organization\",\"@id\":\"https:\/\/www.outlying.works\/vitrine\/#organization\",\"name\":\"Vitrine outlYing\",\"url\":\"https:\/\/www.outlying.works\/vitrine\/\",\"logo\":{\"@type\":\"ImageObject\",\"inLanguage\":\"fr-FR\",\"@id\":\"https:\/\/www.outlying.works\/vitrine\/#\/schema\/logo\/image\/\",\"url\":\"\",\"contentUrl\":\"\",\"caption\":\"Vitrine outlYing\"},\"image\":{\"@id\":\"https:\/\/www.outlying.works\/vitrine\/#\/schema\/logo\/image\/\"}},{\"@type\":\"Person\",\"@id\":\"https:\/\/www.outlying.works\/vitrine\/#\/schema\/person\/5f4c0c6776ffaa3d4422b43480d5e1e8\",\"name\":\"outlying\",\"image\":{\"@type\":\"ImageObject\",\"inLanguage\":\"fr-FR\",\"@id\":\"https:\/\/www.outlying.works\/vitrine\/#\/schema\/person\/image\/\",\"url\":\"https:\/\/secure.gravatar.com\/avatar\/64bf4a4a3d315564cb807f3742cdd28795eb19929b6ddd890e368ada8d066b0f?s=96&d=mm&r=g\",\"contentUrl\":\"https:\/\/secure.gravatar.com\/avatar\/64bf4a4a3d315564cb807f3742cdd28795eb19929b6ddd890e368ada8d066b0f?s=96&d=mm&r=g\",\"caption\":\"outlying\"},\"sameAs\":[\"https:\/\/www.outlying.works\/vitrine\"],\"url\":\"https:\/\/www.outlying.works\/vitrine\/author\/outlying\/\"}]}<\/script>\n<!-- \/ Yoast SEO plugin. -->","yoast_head_json":{"title":"Reconnaissance faciale et vie priv\u00e9e dans les a\u00e9roports - Vitrine outlYing","description":"Explorez l\u2019impact de la technologie de reconnaissance faciale dans les a\u00e9roports sur la vie priv\u00e9e et la protection des donn\u00e9es.","robots":{"index":"index","follow":"follow","max-snippet":"max-snippet:-1","max-image-preview":"max-image-preview:large","max-video-preview":"max-video-preview:-1"},"canonical":"https:\/\/www.outlying.works\/vitrine\/2024\/05\/30\/reconnaissance-faciale-et-vie-privee-dans-les-aeroports\/","og_locale":"fr_FR","og_type":"article","og_title":"Reconnaissance faciale et vie priv\u00e9e dans les a\u00e9roports - Vitrine outlYing","og_description":"Explorez l\u2019impact de la technologie de reconnaissance faciale dans les a\u00e9roports sur la vie priv\u00e9e et la protection des donn\u00e9es.","og_url":"https:\/\/www.outlying.works\/vitrine\/2024\/05\/30\/reconnaissance-faciale-et-vie-privee-dans-les-aeroports\/","og_site_name":"Vitrine outlYing","article_published_time":"2024-05-30T10:00:53+00:00","article_modified_time":"2024-05-30T15:09:52+00:00","og_image":[{"width":1024,"height":1024,"url":"https:\/\/www.outlying.works\/vitrine\/wp-content\/uploads\/2024\/05\/Design-sans-titre-1.png","type":"image\/png"}],"author":"outlying","twitter_card":"summary_large_image","twitter_misc":{"\u00c9crit par":"outlying","Dur\u00e9e de lecture estim\u00e9e":"4 minutes"},"schema":{"@context":"https:\/\/schema.org","@graph":[{"@type":"Article","@id":"https:\/\/www.outlying.works\/vitrine\/2024\/05\/30\/reconnaissance-faciale-et-vie-privee-dans-les-aeroports\/#article","isPartOf":{"@id":"https:\/\/www.outlying.works\/vitrine\/2024\/05\/30\/reconnaissance-faciale-et-vie-privee-dans-les-aeroports\/"},"author":{"name":"outlying","@id":"https:\/\/www.outlying.works\/vitrine\/#\/schema\/person\/5f4c0c6776ffaa3d4422b43480d5e1e8"},"headline":"Reconnaissance faciale et vie priv\u00e9e dans les a\u00e9roports","datePublished":"2024-05-30T10:00:53+00:00","dateModified":"2024-05-30T15:09:52+00:00","mainEntityOfPage":{"@id":"https:\/\/www.outlying.works\/vitrine\/2024\/05\/30\/reconnaissance-faciale-et-vie-privee-dans-les-aeroports\/"},"wordCount":802,"publisher":{"@id":"https:\/\/www.outlying.works\/vitrine\/#organization"},"image":{"@id":"https:\/\/www.outlying.works\/vitrine\/2024\/05\/30\/reconnaissance-faciale-et-vie-privee-dans-les-aeroports\/#primaryimage"},"thumbnailUrl":"https:\/\/www.outlying.works\/vitrine\/wp-content\/uploads\/2024\/05\/Design-sans-titre-1.png","keywords":["A\u00e9roport de Paris","A\u00e9roports","CEPD","CNIL","Contr\u00f4le biom\u00e9trique","Exp\u00e9rience de voyage","Flux de passagers","Innovation technologique","protection des donn\u00e9es","Reconnaissance faciale","rgpd","S\u00e9curit\u00e9 a\u00e9roportuaire","S\u00e9curit\u00e9 des donn\u00e9es","Technologie biom\u00e9trique","Vie priv\u00e9e"],"articleSection":["Technologies de l'information"],"inLanguage":"fr-FR"},{"@type":"WebPage","@id":"https:\/\/www.outlying.works\/vitrine\/2024\/05\/30\/reconnaissance-faciale-et-vie-privee-dans-les-aeroports\/","url":"https:\/\/www.outlying.works\/vitrine\/2024\/05\/30\/reconnaissance-faciale-et-vie-privee-dans-les-aeroports\/","name":"Reconnaissance faciale et vie priv\u00e9e dans les a\u00e9roports - Vitrine outlYing","isPartOf":{"@id":"https:\/\/www.outlying.works\/vitrine\/#website"},"primaryImageOfPage":{"@id":"https:\/\/www.outlying.works\/vitrine\/2024\/05\/30\/reconnaissance-faciale-et-vie-privee-dans-les-aeroports\/#primaryimage"},"image":{"@id":"https:\/\/www.outlying.works\/vitrine\/2024\/05\/30\/reconnaissance-faciale-et-vie-privee-dans-les-aeroports\/#primaryimage"},"thumbnailUrl":"https:\/\/www.outlying.works\/vitrine\/wp-content\/uploads\/2024\/05\/Design-sans-titre-1.png","datePublished":"2024-05-30T10:00:53+00:00","dateModified":"2024-05-30T15:09:52+00:00","description":"Explorez l\u2019impact de la technologie de reconnaissance faciale dans les a\u00e9roports sur la vie priv\u00e9e et la protection des donn\u00e9es.","breadcrumb":{"@id":"https:\/\/www.outlying.works\/vitrine\/2024\/05\/30\/reconnaissance-faciale-et-vie-privee-dans-les-aeroports\/#breadcrumb"},"inLanguage":"fr-FR","potentialAction":[{"@type":"ReadAction","target":["https:\/\/www.outlying.works\/vitrine\/2024\/05\/30\/reconnaissance-faciale-et-vie-privee-dans-les-aeroports\/"]}]},{"@type":"ImageObject","inLanguage":"fr-FR","@id":"https:\/\/www.outlying.works\/vitrine\/2024\/05\/30\/reconnaissance-faciale-et-vie-privee-dans-les-aeroports\/#primaryimage","url":"https:\/\/www.outlying.works\/vitrine\/wp-content\/uploads\/2024\/05\/Design-sans-titre-1.png","contentUrl":"https:\/\/www.outlying.works\/vitrine\/wp-content\/uploads\/2024\/05\/Design-sans-titre-1.png","width":1024,"height":1024,"caption":"Reconnaissance faciale dans les a\u00e9roports : un \u00e9quilibre entre s\u00e9curit\u00e9, efficacit\u00e9 et respect de la vie priv\u00e9e"},{"@type":"BreadcrumbList","@id":"https:\/\/www.outlying.works\/vitrine\/2024\/05\/30\/reconnaissance-faciale-et-vie-privee-dans-les-aeroports\/#breadcrumb","itemListElement":[{"@type":"ListItem","position":1,"name":"Accueil","item":"https:\/\/www.outlying.works\/vitrine\/"},{"@type":"ListItem","position":2,"name":"Reconnaissance faciale et vie priv\u00e9e dans les a\u00e9roports"}]},{"@type":"WebSite","@id":"https:\/\/www.outlying.works\/vitrine\/#website","url":"https:\/\/www.outlying.works\/vitrine\/","name":"Vitrine outlYing","description":"Site vitrine de outlYing SUARL","publisher":{"@id":"https:\/\/www.outlying.works\/vitrine\/#organization"},"potentialAction":[{"@type":"SearchAction","target":{"@type":"EntryPoint","urlTemplate":"https:\/\/www.outlying.works\/vitrine\/?s={search_term_string}"},"query-input":{"@type":"PropertyValueSpecification","valueRequired":true,"valueName":"search_term_string"}}],"inLanguage":"fr-FR"},{"@type":"Organization","@id":"https:\/\/www.outlying.works\/vitrine\/#organization","name":"Vitrine outlYing","url":"https:\/\/www.outlying.works\/vitrine\/","logo":{"@type":"ImageObject","inLanguage":"fr-FR","@id":"https:\/\/www.outlying.works\/vitrine\/#\/schema\/logo\/image\/","url":"","contentUrl":"","caption":"Vitrine outlYing"},"image":{"@id":"https:\/\/www.outlying.works\/vitrine\/#\/schema\/logo\/image\/"}},{"@type":"Person","@id":"https:\/\/www.outlying.works\/vitrine\/#\/schema\/person\/5f4c0c6776ffaa3d4422b43480d5e1e8","name":"outlying","image":{"@type":"ImageObject","inLanguage":"fr-FR","@id":"https:\/\/www.outlying.works\/vitrine\/#\/schema\/person\/image\/","url":"https:\/\/secure.gravatar.com\/avatar\/64bf4a4a3d315564cb807f3742cdd28795eb19929b6ddd890e368ada8d066b0f?s=96&d=mm&r=g","contentUrl":"https:\/\/secure.gravatar.com\/avatar\/64bf4a4a3d315564cb807f3742cdd28795eb19929b6ddd890e368ada8d066b0f?s=96&d=mm&r=g","caption":"outlying"},"sameAs":["https:\/\/www.outlying.works\/vitrine"],"url":"https:\/\/www.outlying.works\/vitrine\/author\/outlying\/"}]}},"_links":{"self":[{"href":"https:\/\/www.outlying.works\/vitrine\/wp-json\/wp\/v2\/posts\/13369","targetHints":{"allow":["GET"]}}],"collection":[{"href":"https:\/\/www.outlying.works\/vitrine\/wp-json\/wp\/v2\/posts"}],"about":[{"href":"https:\/\/www.outlying.works\/vitrine\/wp-json\/wp\/v2\/types\/post"}],"author":[{"embeddable":true,"href":"https:\/\/www.outlying.works\/vitrine\/wp-json\/wp\/v2\/users\/1"}],"replies":[{"embeddable":true,"href":"https:\/\/www.outlying.works\/vitrine\/wp-json\/wp\/v2\/comments?post=13369"}],"version-history":[{"count":35,"href":"https:\/\/www.outlying.works\/vitrine\/wp-json\/wp\/v2\/posts\/13369\/revisions"}],"predecessor-version":[{"id":13406,"href":"https:\/\/www.outlying.works\/vitrine\/wp-json\/wp\/v2\/posts\/13369\/revisions\/13406"}],"wp:featuredmedia":[{"embeddable":true,"href":"https:\/\/www.outlying.works\/vitrine\/wp-json\/wp\/v2\/media\/13388"}],"wp:attachment":[{"href":"https:\/\/www.outlying.works\/vitrine\/wp-json\/wp\/v2\/media?parent=13369"}],"wp:term":[{"taxonomy":"category","embeddable":true,"href":"https:\/\/www.outlying.works\/vitrine\/wp-json\/wp\/v2\/categories?post=13369"},{"taxonomy":"post_tag","embeddable":true,"href":"https:\/\/www.outlying.works\/vitrine\/wp-json\/wp\/v2\/tags?post=13369"}],"curies":[{"name":"wp","href":"https:\/\/api.w.org\/{rel}","templated":true}]}}