{"id":1039,"date":"2023-09-26T09:06:23","date_gmt":"2023-09-26T09:06:23","guid":{"rendered":"https:\/\/www.outlying.works\/vitrine\/?p=1039"},"modified":"2023-11-30T13:39:10","modified_gmt":"2023-11-30T13:39:10","slug":"vers-des-ia-plus-responsables","status":"publish","type":"post","link":"https:\/\/www.outlying.works\/vitrine\/2023\/09\/26\/vers-des-ia-plus-responsables\/","title":{"rendered":"Vers des IA plus responsables ?"},"content":{"rendered":"\t\t<div data-elementor-type=\"wp-post\" data-elementor-id=\"1039\" class=\"elementor elementor-1039\">\n\t\t\t\t\t\t<section class=\"elementor-section elementor-top-section elementor-element elementor-element-55bf7006 elementor-section-boxed elementor-section-height-default elementor-section-height-default\" data-id=\"55bf7006\" data-element_type=\"section\">\n\t\t\t\t\t\t<div class=\"elementor-container elementor-column-gap-default\">\n\t\t\t\t\t<div class=\"elementor-column elementor-col-100 elementor-top-column elementor-element elementor-element-55e8708d\" data-id=\"55e8708d\" data-element_type=\"column\">\n\t\t\t<div class=\"elementor-widget-wrap elementor-element-populated\">\n\t\t\t\t\t\t<div class=\"elementor-element elementor-element-66260765 elementor-widget elementor-widget-text-editor\" data-id=\"66260765\" data-element_type=\"widget\" data-widget_type=\"text-editor.default\">\n\t\t\t\t<div class=\"elementor-widget-container\">\n\t\t\t\t\t\t\t<p style=\"font-weight: 400;\"><span style=\"font-weight: 400;\">Ce 11 septembre 2023, le g\u00e9ant du num\u00e9rique, Google, \u00e0 lanc\u00e9 son projet <span style=\"color: #320065;\">\u201cDigital Futures Project\u201d<\/span> en y injectant plus de 20 millions d\u2019euros.\u00a0<\/span><\/p><h5><span style=\"font-weight: normal;\">En quoi consiste ce projet ?\u00a0<\/span><\/h5><p><span style=\"font-weight: 400;\">Comme l&#8217;explique Brigitte Hoyer Gosselink dans un communiqu\u00e9, ce projet a pour objectif de rapprocher des acteurs de l\u2019intelligence artificielle pour promouvoir les opportunit\u00e9s et les challenges d\u00e9coulant de cette nouvelle technologie.\u00a0<\/span><\/p><p><span style=\"font-weight: 400;\">L\u2019objectif principal est d\u2019encourager le d\u00e9veloppement d\u2019IA plus responsable et \u00e9thique. Aujourd\u2019hui, l\u2019IA pourrait changer notre quotidien en le simplifiant, mais de nombreux enjeux peuvent na\u00eetre de ce potentiel. Entre les biais, les informations erron\u00e9es, les discriminations et la s\u00e9curit\u00e9, les intelligences artificielles peuvent \u00e9galement mettre en p\u00e9ril notre quotidien.\u00a0<\/span><\/p><p><span style=\"font-weight: 400;\">Il est important de mettre en place une approche plus responsable, et ce sont les principaux acteurs de cette nouvelle technologie qui peuvent changer la donne. Google, avec ce projet, marque un nouveau tournant pour cette technologie.\u00a0<\/span><\/p><h5><span style=\"font-weight: normal;\">Vers une auto-r\u00e9gulation globale ?\u00a0<\/span><\/h5><p><span style=\"font-weight: 400;\">Cependant, ce g\u00e9ant Am\u00e9ricain n\u2019est pas le seul qui se lance dans l\u2019aventure des IA responsables. Une quinzaine d&#8217;entreprises am\u00e9ricaines se sont engag\u00e9es aupr\u00e8s du gouvernement am\u00e9ricain \u00e0 \u201cs\u2019auto-r\u00e9guler\u201d dans leurs d\u00e9veloppements d\u2019intelligences artificielles. Dans cette liste, nous pouvons retrouver Microsoft, IBM, mais \u00e9galement OpenAI, des acteurs incontournables dans le d\u00e9veloppement d\u2019intelligences artificielles.\u00a0<\/span><\/p><p><span style=\"font-weight: 400;\">Malgr\u00e9 tout, cet engagement n&#8217;entra\u00eenera aucune sanction en cas de manquement et repose pleinement sur la bonne volont\u00e9 de ces entreprises. N\u00e9anmoins, cet accord ayant \u00e9t\u00e9 rendu public, il semblerait que ces entreprises aient une r\u00e9elle volont\u00e9 de r\u00e9guler leurs d\u00e9veloppements d\u2019intelligences artificielles.\u00a0<\/span><\/p><h5><span style=\"font-weight: normal;\">Pour en savoir plus\u00a0<\/span><\/h5><p style=\"padding-left: 40px;\"><a href=\"https:\/\/blog.google\/outreach-initiatives\/google-org\/launching-the-digital-futures-project-to-support-responsible-ai\/\" target=\"_blank\" rel=\"noopener\"><span style=\"font-weight: 400;\">https:\/\/blog.google\/outreach-initiatives\/google-org\/launching-the-digital-futures-project-to-support-responsible-ai\/<\/span><\/a><\/p>\t\t\t\t\t\t<\/div>\n\t\t\t\t<\/div>\n\t\t\t\t\t<\/div>\n\t\t<\/div>\n\t\t\t\t\t<\/div>\n\t\t<\/section>\n\t\t\t\t<\/div>\n\t\t","protected":false},"excerpt":{"rendered":"<p>Ce 11 septembre 2023, le g\u00e9ant du num\u00e9rique, Google, \u00e0 lanc\u00e9 son projet \u201cDigital Futures Project\u201d en y injectant plus de 20 millions d\u2019euros.\u00a0 En quoi consiste ce projet ?\u00a0 Comme l&#8217;explique Brigitte Hoyer Gosselink dans un communiqu\u00e9, ce projet a pour objectif de rapprocher des acteurs de l\u2019intelligence artificielle pour promouvoir les opportunit\u00e9s et les challenges d\u00e9coulant de cette nouvelle technologie.\u00a0 L\u2019objectif principal est d\u2019encourager le d\u00e9veloppement d\u2019IA plus responsable et \u00e9thique. Aujourd\u2019hui, l\u2019IA pourrait changer notre quotidien en le simplifiant, mais de nombreux enjeux peuvent na\u00eetre de ce potentiel. Entre les biais, les informations erron\u00e9es, les discriminations et<\/p>\n","protected":false},"author":1,"featured_media":1042,"comment_status":"open","ping_status":"open","sticky":false,"template":"","format":"standard","meta":{"pagelayer_contact_templates":[],"_pagelayer_content":"","two_page_speed":[],"footnotes":""},"categories":[7],"tags":[50,51,47,36,48,45,49,46],"class_list":["post-1039","post","type-post","status-publish","format-standard","has-post-thumbnail","hentry","category-cat_technologie","tag-digital-futures-project","tag-ethique","tag-google","tag-ia","tag-ibm","tag-intelligence-artificielle","tag-openai","tag-regulation"],"yoast_head":"<!-- This site is optimized with the Yoast SEO plugin v25.2 - https:\/\/yoast.com\/wordpress\/plugins\/seo\/ -->\n<title>Vers des IA plus responsables ? - Vitrine outlYing<\/title>\n<meta name=\"robots\" content=\"index, follow, max-snippet:-1, max-image-preview:large, max-video-preview:-1\" \/>\n<link rel=\"canonical\" href=\"https:\/\/www.outlying.works\/vitrine\/2023\/09\/26\/vers-des-ia-plus-responsables\/\" \/>\n<meta property=\"og:locale\" content=\"fr_FR\" \/>\n<meta property=\"og:type\" content=\"article\" \/>\n<meta property=\"og:title\" content=\"Vers des IA plus responsables ? - Vitrine outlYing\" \/>\n<meta property=\"og:description\" content=\"Ce 11 septembre 2023, le g\u00e9ant du num\u00e9rique, Google, \u00e0 lanc\u00e9 son projet \u201cDigital Futures Project\u201d en y injectant plus de 20 millions d\u2019euros.\u00a0 En quoi consiste ce projet ?\u00a0 Comme l&#8217;explique Brigitte Hoyer Gosselink dans un communiqu\u00e9, ce projet a pour objectif de rapprocher des acteurs de l\u2019intelligence artificielle pour promouvoir les opportunit\u00e9s et les challenges d\u00e9coulant de cette nouvelle technologie.\u00a0 L\u2019objectif principal est d\u2019encourager le d\u00e9veloppement d\u2019IA plus responsable et \u00e9thique. Aujourd\u2019hui, l\u2019IA pourrait changer notre quotidien en le simplifiant, mais de nombreux enjeux peuvent na\u00eetre de ce potentiel. Entre les biais, les informations erron\u00e9es, les discriminations et\" \/>\n<meta property=\"og:url\" content=\"https:\/\/www.outlying.works\/vitrine\/2023\/09\/26\/vers-des-ia-plus-responsables\/\" \/>\n<meta property=\"og:site_name\" content=\"Vitrine outlYing\" \/>\n<meta property=\"article:published_time\" content=\"2023-09-26T09:06:23+00:00\" \/>\n<meta property=\"article:modified_time\" content=\"2023-11-30T13:39:10+00:00\" \/>\n<meta property=\"og:image\" content=\"https:\/\/www.outlying.works\/vitrine\/wp-content\/uploads\/2023\/09\/concept-cloud-ai-tete-robot-scaled.jpg\" \/>\n\t<meta property=\"og:image:width\" content=\"2560\" \/>\n\t<meta property=\"og:image:height\" content=\"1920\" \/>\n\t<meta property=\"og:image:type\" content=\"image\/jpeg\" \/>\n<meta name=\"author\" content=\"outlying\" \/>\n<meta name=\"twitter:card\" content=\"summary_large_image\" \/>\n<meta name=\"twitter:label1\" content=\"\u00c9crit par\" \/>\n\t<meta name=\"twitter:data1\" content=\"outlying\" \/>\n\t<meta name=\"twitter:label2\" content=\"Dur\u00e9e de lecture estim\u00e9e\" \/>\n\t<meta name=\"twitter:data2\" content=\"1 minute\" \/>\n<script type=\"application\/ld+json\" class=\"yoast-schema-graph\">{\"@context\":\"https:\/\/schema.org\",\"@graph\":[{\"@type\":\"Article\",\"@id\":\"https:\/\/www.outlying.works\/vitrine\/2023\/09\/26\/vers-des-ia-plus-responsables\/#article\",\"isPartOf\":{\"@id\":\"https:\/\/www.outlying.works\/vitrine\/2023\/09\/26\/vers-des-ia-plus-responsables\/\"},\"author\":{\"name\":\"outlying\",\"@id\":\"https:\/\/www.outlying.works\/vitrine\/#\/schema\/person\/5f4c0c6776ffaa3d4422b43480d5e1e8\"},\"headline\":\"Vers des IA plus responsables ?\",\"datePublished\":\"2023-09-26T09:06:23+00:00\",\"dateModified\":\"2023-11-30T13:39:10+00:00\",\"mainEntityOfPage\":{\"@id\":\"https:\/\/www.outlying.works\/vitrine\/2023\/09\/26\/vers-des-ia-plus-responsables\/\"},\"wordCount\":298,\"commentCount\":0,\"publisher\":{\"@id\":\"https:\/\/www.outlying.works\/vitrine\/#organization\"},\"image\":{\"@id\":\"https:\/\/www.outlying.works\/vitrine\/2023\/09\/26\/vers-des-ia-plus-responsables\/#primaryimage\"},\"thumbnailUrl\":\"https:\/\/www.outlying.works\/vitrine\/wp-content\/uploads\/2023\/09\/concept-cloud-ai-tete-robot-scaled.jpg\",\"keywords\":[\"digital futures project\",\"\u00e9thique\",\"Google\",\"IA\",\"IBM\",\"intelligence artificielle\",\"OpenAI\",\"R\u00e9gulation\"],\"articleSection\":[\"Technologies de l'information\"],\"inLanguage\":\"fr-FR\",\"potentialAction\":[{\"@type\":\"CommentAction\",\"name\":\"Comment\",\"target\":[\"https:\/\/www.outlying.works\/vitrine\/2023\/09\/26\/vers-des-ia-plus-responsables\/#respond\"]}]},{\"@type\":\"WebPage\",\"@id\":\"https:\/\/www.outlying.works\/vitrine\/2023\/09\/26\/vers-des-ia-plus-responsables\/\",\"url\":\"https:\/\/www.outlying.works\/vitrine\/2023\/09\/26\/vers-des-ia-plus-responsables\/\",\"name\":\"Vers des IA plus responsables ? - Vitrine outlYing\",\"isPartOf\":{\"@id\":\"https:\/\/www.outlying.works\/vitrine\/#website\"},\"primaryImageOfPage\":{\"@id\":\"https:\/\/www.outlying.works\/vitrine\/2023\/09\/26\/vers-des-ia-plus-responsables\/#primaryimage\"},\"image\":{\"@id\":\"https:\/\/www.outlying.works\/vitrine\/2023\/09\/26\/vers-des-ia-plus-responsables\/#primaryimage\"},\"thumbnailUrl\":\"https:\/\/www.outlying.works\/vitrine\/wp-content\/uploads\/2023\/09\/concept-cloud-ai-tete-robot-scaled.jpg\",\"datePublished\":\"2023-09-26T09:06:23+00:00\",\"dateModified\":\"2023-11-30T13:39:10+00:00\",\"breadcrumb\":{\"@id\":\"https:\/\/www.outlying.works\/vitrine\/2023\/09\/26\/vers-des-ia-plus-responsables\/#breadcrumb\"},\"inLanguage\":\"fr-FR\",\"potentialAction\":[{\"@type\":\"ReadAction\",\"target\":[\"https:\/\/www.outlying.works\/vitrine\/2023\/09\/26\/vers-des-ia-plus-responsables\/\"]}]},{\"@type\":\"ImageObject\",\"inLanguage\":\"fr-FR\",\"@id\":\"https:\/\/www.outlying.works\/vitrine\/2023\/09\/26\/vers-des-ia-plus-responsables\/#primaryimage\",\"url\":\"https:\/\/www.outlying.works\/vitrine\/wp-content\/uploads\/2023\/09\/concept-cloud-ai-tete-robot-scaled.jpg\",\"contentUrl\":\"https:\/\/www.outlying.works\/vitrine\/wp-content\/uploads\/2023\/09\/concept-cloud-ai-tete-robot-scaled.jpg\",\"width\":2560,\"height\":1920},{\"@type\":\"BreadcrumbList\",\"@id\":\"https:\/\/www.outlying.works\/vitrine\/2023\/09\/26\/vers-des-ia-plus-responsables\/#breadcrumb\",\"itemListElement\":[{\"@type\":\"ListItem\",\"position\":1,\"name\":\"Accueil\",\"item\":\"https:\/\/www.outlying.works\/vitrine\/\"},{\"@type\":\"ListItem\",\"position\":2,\"name\":\"Vers des IA plus responsables ?\"}]},{\"@type\":\"WebSite\",\"@id\":\"https:\/\/www.outlying.works\/vitrine\/#website\",\"url\":\"https:\/\/www.outlying.works\/vitrine\/\",\"name\":\"Vitrine outlYing\",\"description\":\"Site vitrine de outlYing SUARL\",\"publisher\":{\"@id\":\"https:\/\/www.outlying.works\/vitrine\/#organization\"},\"potentialAction\":[{\"@type\":\"SearchAction\",\"target\":{\"@type\":\"EntryPoint\",\"urlTemplate\":\"https:\/\/www.outlying.works\/vitrine\/?s={search_term_string}\"},\"query-input\":{\"@type\":\"PropertyValueSpecification\",\"valueRequired\":true,\"valueName\":\"search_term_string\"}}],\"inLanguage\":\"fr-FR\"},{\"@type\":\"Organization\",\"@id\":\"https:\/\/www.outlying.works\/vitrine\/#organization\",\"name\":\"Vitrine outlYing\",\"url\":\"https:\/\/www.outlying.works\/vitrine\/\",\"logo\":{\"@type\":\"ImageObject\",\"inLanguage\":\"fr-FR\",\"@id\":\"https:\/\/www.outlying.works\/vitrine\/#\/schema\/logo\/image\/\",\"url\":\"\",\"contentUrl\":\"\",\"caption\":\"Vitrine outlYing\"},\"image\":{\"@id\":\"https:\/\/www.outlying.works\/vitrine\/#\/schema\/logo\/image\/\"}},{\"@type\":\"Person\",\"@id\":\"https:\/\/www.outlying.works\/vitrine\/#\/schema\/person\/5f4c0c6776ffaa3d4422b43480d5e1e8\",\"name\":\"outlying\",\"image\":{\"@type\":\"ImageObject\",\"inLanguage\":\"fr-FR\",\"@id\":\"https:\/\/www.outlying.works\/vitrine\/#\/schema\/person\/image\/\",\"url\":\"https:\/\/secure.gravatar.com\/avatar\/64bf4a4a3d315564cb807f3742cdd28795eb19929b6ddd890e368ada8d066b0f?s=96&d=mm&r=g\",\"contentUrl\":\"https:\/\/secure.gravatar.com\/avatar\/64bf4a4a3d315564cb807f3742cdd28795eb19929b6ddd890e368ada8d066b0f?s=96&d=mm&r=g\",\"caption\":\"outlying\"},\"sameAs\":[\"https:\/\/www.outlying.works\/vitrine\"],\"url\":\"https:\/\/www.outlying.works\/vitrine\/author\/outlying\/\"}]}<\/script>\n<!-- \/ Yoast SEO plugin. -->","yoast_head_json":{"title":"Vers des IA plus responsables ? - Vitrine outlYing","robots":{"index":"index","follow":"follow","max-snippet":"max-snippet:-1","max-image-preview":"max-image-preview:large","max-video-preview":"max-video-preview:-1"},"canonical":"https:\/\/www.outlying.works\/vitrine\/2023\/09\/26\/vers-des-ia-plus-responsables\/","og_locale":"fr_FR","og_type":"article","og_title":"Vers des IA plus responsables ? - Vitrine outlYing","og_description":"Ce 11 septembre 2023, le g\u00e9ant du num\u00e9rique, Google, \u00e0 lanc\u00e9 son projet \u201cDigital Futures Project\u201d en y injectant plus de 20 millions d\u2019euros.\u00a0 En quoi consiste ce projet ?\u00a0 Comme l&#8217;explique Brigitte Hoyer Gosselink dans un communiqu\u00e9, ce projet a pour objectif de rapprocher des acteurs de l\u2019intelligence artificielle pour promouvoir les opportunit\u00e9s et les challenges d\u00e9coulant de cette nouvelle technologie.\u00a0 L\u2019objectif principal est d\u2019encourager le d\u00e9veloppement d\u2019IA plus responsable et \u00e9thique. Aujourd\u2019hui, l\u2019IA pourrait changer notre quotidien en le simplifiant, mais de nombreux enjeux peuvent na\u00eetre de ce potentiel. Entre les biais, les informations erron\u00e9es, les discriminations et","og_url":"https:\/\/www.outlying.works\/vitrine\/2023\/09\/26\/vers-des-ia-plus-responsables\/","og_site_name":"Vitrine outlYing","article_published_time":"2023-09-26T09:06:23+00:00","article_modified_time":"2023-11-30T13:39:10+00:00","og_image":[{"width":2560,"height":1920,"url":"https:\/\/www.outlying.works\/vitrine\/wp-content\/uploads\/2023\/09\/concept-cloud-ai-tete-robot-scaled.jpg","type":"image\/jpeg"}],"author":"outlying","twitter_card":"summary_large_image","twitter_misc":{"\u00c9crit par":"outlying","Dur\u00e9e de lecture estim\u00e9e":"1 minute"},"schema":{"@context":"https:\/\/schema.org","@graph":[{"@type":"Article","@id":"https:\/\/www.outlying.works\/vitrine\/2023\/09\/26\/vers-des-ia-plus-responsables\/#article","isPartOf":{"@id":"https:\/\/www.outlying.works\/vitrine\/2023\/09\/26\/vers-des-ia-plus-responsables\/"},"author":{"name":"outlying","@id":"https:\/\/www.outlying.works\/vitrine\/#\/schema\/person\/5f4c0c6776ffaa3d4422b43480d5e1e8"},"headline":"Vers des IA plus responsables ?","datePublished":"2023-09-26T09:06:23+00:00","dateModified":"2023-11-30T13:39:10+00:00","mainEntityOfPage":{"@id":"https:\/\/www.outlying.works\/vitrine\/2023\/09\/26\/vers-des-ia-plus-responsables\/"},"wordCount":298,"commentCount":0,"publisher":{"@id":"https:\/\/www.outlying.works\/vitrine\/#organization"},"image":{"@id":"https:\/\/www.outlying.works\/vitrine\/2023\/09\/26\/vers-des-ia-plus-responsables\/#primaryimage"},"thumbnailUrl":"https:\/\/www.outlying.works\/vitrine\/wp-content\/uploads\/2023\/09\/concept-cloud-ai-tete-robot-scaled.jpg","keywords":["digital futures project","\u00e9thique","Google","IA","IBM","intelligence artificielle","OpenAI","R\u00e9gulation"],"articleSection":["Technologies de l'information"],"inLanguage":"fr-FR","potentialAction":[{"@type":"CommentAction","name":"Comment","target":["https:\/\/www.outlying.works\/vitrine\/2023\/09\/26\/vers-des-ia-plus-responsables\/#respond"]}]},{"@type":"WebPage","@id":"https:\/\/www.outlying.works\/vitrine\/2023\/09\/26\/vers-des-ia-plus-responsables\/","url":"https:\/\/www.outlying.works\/vitrine\/2023\/09\/26\/vers-des-ia-plus-responsables\/","name":"Vers des IA plus responsables ? - Vitrine outlYing","isPartOf":{"@id":"https:\/\/www.outlying.works\/vitrine\/#website"},"primaryImageOfPage":{"@id":"https:\/\/www.outlying.works\/vitrine\/2023\/09\/26\/vers-des-ia-plus-responsables\/#primaryimage"},"image":{"@id":"https:\/\/www.outlying.works\/vitrine\/2023\/09\/26\/vers-des-ia-plus-responsables\/#primaryimage"},"thumbnailUrl":"https:\/\/www.outlying.works\/vitrine\/wp-content\/uploads\/2023\/09\/concept-cloud-ai-tete-robot-scaled.jpg","datePublished":"2023-09-26T09:06:23+00:00","dateModified":"2023-11-30T13:39:10+00:00","breadcrumb":{"@id":"https:\/\/www.outlying.works\/vitrine\/2023\/09\/26\/vers-des-ia-plus-responsables\/#breadcrumb"},"inLanguage":"fr-FR","potentialAction":[{"@type":"ReadAction","target":["https:\/\/www.outlying.works\/vitrine\/2023\/09\/26\/vers-des-ia-plus-responsables\/"]}]},{"@type":"ImageObject","inLanguage":"fr-FR","@id":"https:\/\/www.outlying.works\/vitrine\/2023\/09\/26\/vers-des-ia-plus-responsables\/#primaryimage","url":"https:\/\/www.outlying.works\/vitrine\/wp-content\/uploads\/2023\/09\/concept-cloud-ai-tete-robot-scaled.jpg","contentUrl":"https:\/\/www.outlying.works\/vitrine\/wp-content\/uploads\/2023\/09\/concept-cloud-ai-tete-robot-scaled.jpg","width":2560,"height":1920},{"@type":"BreadcrumbList","@id":"https:\/\/www.outlying.works\/vitrine\/2023\/09\/26\/vers-des-ia-plus-responsables\/#breadcrumb","itemListElement":[{"@type":"ListItem","position":1,"name":"Accueil","item":"https:\/\/www.outlying.works\/vitrine\/"},{"@type":"ListItem","position":2,"name":"Vers des IA plus responsables ?"}]},{"@type":"WebSite","@id":"https:\/\/www.outlying.works\/vitrine\/#website","url":"https:\/\/www.outlying.works\/vitrine\/","name":"Vitrine outlYing","description":"Site vitrine de outlYing SUARL","publisher":{"@id":"https:\/\/www.outlying.works\/vitrine\/#organization"},"potentialAction":[{"@type":"SearchAction","target":{"@type":"EntryPoint","urlTemplate":"https:\/\/www.outlying.works\/vitrine\/?s={search_term_string}"},"query-input":{"@type":"PropertyValueSpecification","valueRequired":true,"valueName":"search_term_string"}}],"inLanguage":"fr-FR"},{"@type":"Organization","@id":"https:\/\/www.outlying.works\/vitrine\/#organization","name":"Vitrine outlYing","url":"https:\/\/www.outlying.works\/vitrine\/","logo":{"@type":"ImageObject","inLanguage":"fr-FR","@id":"https:\/\/www.outlying.works\/vitrine\/#\/schema\/logo\/image\/","url":"","contentUrl":"","caption":"Vitrine outlYing"},"image":{"@id":"https:\/\/www.outlying.works\/vitrine\/#\/schema\/logo\/image\/"}},{"@type":"Person","@id":"https:\/\/www.outlying.works\/vitrine\/#\/schema\/person\/5f4c0c6776ffaa3d4422b43480d5e1e8","name":"outlying","image":{"@type":"ImageObject","inLanguage":"fr-FR","@id":"https:\/\/www.outlying.works\/vitrine\/#\/schema\/person\/image\/","url":"https:\/\/secure.gravatar.com\/avatar\/64bf4a4a3d315564cb807f3742cdd28795eb19929b6ddd890e368ada8d066b0f?s=96&d=mm&r=g","contentUrl":"https:\/\/secure.gravatar.com\/avatar\/64bf4a4a3d315564cb807f3742cdd28795eb19929b6ddd890e368ada8d066b0f?s=96&d=mm&r=g","caption":"outlying"},"sameAs":["https:\/\/www.outlying.works\/vitrine"],"url":"https:\/\/www.outlying.works\/vitrine\/author\/outlying\/"}]}},"_links":{"self":[{"href":"https:\/\/www.outlying.works\/vitrine\/wp-json\/wp\/v2\/posts\/1039","targetHints":{"allow":["GET"]}}],"collection":[{"href":"https:\/\/www.outlying.works\/vitrine\/wp-json\/wp\/v2\/posts"}],"about":[{"href":"https:\/\/www.outlying.works\/vitrine\/wp-json\/wp\/v2\/types\/post"}],"author":[{"embeddable":true,"href":"https:\/\/www.outlying.works\/vitrine\/wp-json\/wp\/v2\/users\/1"}],"replies":[{"embeddable":true,"href":"https:\/\/www.outlying.works\/vitrine\/wp-json\/wp\/v2\/comments?post=1039"}],"version-history":[{"count":16,"href":"https:\/\/www.outlying.works\/vitrine\/wp-json\/wp\/v2\/posts\/1039\/revisions"}],"predecessor-version":[{"id":6443,"href":"https:\/\/www.outlying.works\/vitrine\/wp-json\/wp\/v2\/posts\/1039\/revisions\/6443"}],"wp:featuredmedia":[{"embeddable":true,"href":"https:\/\/www.outlying.works\/vitrine\/wp-json\/wp\/v2\/media\/1042"}],"wp:attachment":[{"href":"https:\/\/www.outlying.works\/vitrine\/wp-json\/wp\/v2\/media?parent=1039"}],"wp:term":[{"taxonomy":"category","embeddable":true,"href":"https:\/\/www.outlying.works\/vitrine\/wp-json\/wp\/v2\/categories?post=1039"},{"taxonomy":"post_tag","embeddable":true,"href":"https:\/\/www.outlying.works\/vitrine\/wp-json\/wp\/v2\/tags?post=1039"}],"curies":[{"name":"wp","href":"https:\/\/api.w.org\/{rel}","templated":true}]}}